{"id":4453,"date":"2019-03-07T16:36:54","date_gmt":"2019-03-07T14:36:54","guid":{"rendered":"http:\/\/www.edition-schwarzdruck.de\/?p=4453"},"modified":"2019-03-13T16:37:50","modified_gmt":"2019-03-13T14:37:50","slug":"die-vandercook","status":"publish","type":"post","link":"http:\/\/www.edition-schwarzdruck.de\/?p=4453","title":{"rendered":"Die Vandercook &#8230;"},"content":{"rendered":"<p>war endlich mal wieder in Betrieb. Gedruckt wurde f\u00fcr einen meiner liebsten Kunden die Umschl\u00e4ge f\u00fcr alle drei B\u00e4nde eines Buches \u00fcber einen ber\u00fchmten holl\u00e4ndischen Anarchisten. Zum einen deshalb bemerkenswert, weil das die M\u00f6glichkeit er\u00f6ffnete, mal wieder etwas &#8222;Serielles&#8220; zu machen: Das aus den W\u00f6rtern des Titels gebildete Kreuz kippt von Band 1 bis Band 3 immer mehr um und symbolisiert so die Wandlung vom Christen zum Anarchisten.<br \/>\nZum zweiten ist nat\u00fcrlich die ganze, nun schon jahrelang fortgesetzte Reihe der <a href=\"http:\/\/www.kelderuitgeverij.nl\">Kelder-Uijtgeverij<\/a> etwas ganz Besonderes. Es werden anarchistische Klassiker in kleinen, sorgf\u00e4ltig gemachten Auflagen digital gedruckt, aber in einen Umschlag gebunden, der immer im Hochdruck von der Nyloprintplatte schwarz auf sehr feinen, italienischen, gelben Karton gedruckt wird. Mittlerweile ist die Reihe wirklich schon eine richtige Reihe &#8230; wenn man nur besser niederl\u00e4ndisch k\u00f6nnte auch sehr interessanter Lesestoff!<\/p>\n<p><a href=\"http:\/\/www.edition-schwarzdruck.de\/wp-content\/uploads\/2014\/04\/web-jaap1_MG_9083.jpg\"><img decoding=\"async\" loading=\"lazy\" class=\"alignnone size-medium wp-image-4458\" src=\"http:\/\/www.edition-schwarzdruck.de\/wp-content\/uploads\/2014\/04\/web-jaap1_MG_9083-300x300.jpg\" alt=\"\" width=\"300\" height=\"300\" srcset=\"http:\/\/www.edition-schwarzdruck.de\/wp-content\/uploads\/2014\/04\/web-jaap1_MG_9083-300x300.jpg 300w, http:\/\/www.edition-schwarzdruck.de\/wp-content\/uploads\/2014\/04\/web-jaap1_MG_9083-150x150.jpg 150w, http:\/\/www.edition-schwarzdruck.de\/wp-content\/uploads\/2014\/04\/web-jaap1_MG_9083.jpg 600w\" sizes=\"(max-width: 300px) 100vw, 300px\" \/><\/a> <a href=\"http:\/\/www.edition-schwarzdruck.de\/wp-content\/uploads\/2014\/04\/web-jaap2_MG_9082.jpg\"><img decoding=\"async\" loading=\"lazy\" class=\"alignnone size-medium wp-image-4457\" src=\"http:\/\/www.edition-schwarzdruck.de\/wp-content\/uploads\/2014\/04\/web-jaap2_MG_9082-300x300.jpg\" alt=\"\" width=\"300\" height=\"300\" srcset=\"http:\/\/www.edition-schwarzdruck.de\/wp-content\/uploads\/2014\/04\/web-jaap2_MG_9082-300x300.jpg 300w, http:\/\/www.edition-schwarzdruck.de\/wp-content\/uploads\/2014\/04\/web-jaap2_MG_9082-150x150.jpg 150w, http:\/\/www.edition-schwarzdruck.de\/wp-content\/uploads\/2014\/04\/web-jaap2_MG_9082.jpg 600w\" sizes=\"(max-width: 300px) 100vw, 300px\" \/><\/a> <a href=\"http:\/\/www.edition-schwarzdruck.de\/wp-content\/uploads\/2014\/04\/web-jaap3_MG_9081.jpg\"><img decoding=\"async\" loading=\"lazy\" class=\"alignnone size-medium wp-image-4456\" src=\"http:\/\/www.edition-schwarzdruck.de\/wp-content\/uploads\/2014\/04\/web-jaap3_MG_9081-300x300.jpg\" alt=\"\" width=\"300\" height=\"300\" srcset=\"http:\/\/www.edition-schwarzdruck.de\/wp-content\/uploads\/2014\/04\/web-jaap3_MG_9081-300x300.jpg 300w, http:\/\/www.edition-schwarzdruck.de\/wp-content\/uploads\/2014\/04\/web-jaap3_MG_9081-150x150.jpg 150w, http:\/\/www.edition-schwarzdruck.de\/wp-content\/uploads\/2014\/04\/web-jaap3_MG_9081.jpg 600w\" sizes=\"(max-width: 300px) 100vw, 300px\" \/><\/a><\/p>\n","protected":false},"excerpt":{"rendered":"<p>war endlich mal wieder in Betrieb. Gedruckt wurde f\u00fcr einen meiner liebsten Kunden die Umschl\u00e4ge f\u00fcr alle drei B\u00e4nde eines Buches \u00fcber einen ber\u00fchmten holl\u00e4ndischen Anarchisten. Zum einen deshalb bemerkenswert, weil das die M\u00f6glichkeit er\u00f6ffnete, mal wieder etwas &#8222;Serielles&#8220; zu machen: Das aus den W\u00f6rtern des Titels gebildete Kreuz kippt von Band 1 bis Band [&hellip;]<\/p>\n","protected":false},"author":2,"featured_media":0,"comment_status":"open","ping_status":"open","sticky":false,"template":"","format":"image","meta":[],"categories":[64],"tags":[143,142,105,144],"_links":{"self":[{"href":"http:\/\/www.edition-schwarzdruck.de\/index.php?rest_route=\/wp\/v2\/posts\/4453"}],"collection":[{"href":"http:\/\/www.edition-schwarzdruck.de\/index.php?rest_route=\/wp\/v2\/posts"}],"about":[{"href":"http:\/\/www.edition-schwarzdruck.de\/index.php?rest_route=\/wp\/v2\/types\/post"}],"author":[{"embeddable":true,"href":"http:\/\/www.edition-schwarzdruck.de\/index.php?rest_route=\/wp\/v2\/users\/2"}],"replies":[{"embeddable":true,"href":"http:\/\/www.edition-schwarzdruck.de\/index.php?rest_route=%2Fwp%2Fv2%2Fcomments&post=4453"}],"version-history":[{"count":3,"href":"http:\/\/www.edition-schwarzdruck.de\/index.php?rest_route=\/wp\/v2\/posts\/4453\/revisions"}],"predecessor-version":[{"id":4460,"href":"http:\/\/www.edition-schwarzdruck.de\/index.php?rest_route=\/wp\/v2\/posts\/4453\/revisions\/4460"}],"wp:attachment":[{"href":"http:\/\/www.edition-schwarzdruck.de\/index.php?rest_route=%2Fwp%2Fv2%2Fmedia&parent=4453"}],"wp:term":[{"taxonomy":"category","embeddable":true,"href":"http:\/\/www.edition-schwarzdruck.de\/index.php?rest_route=%2Fwp%2Fv2%2Fcategories&post=4453"},{"taxonomy":"post_tag","embeddable":true,"href":"http:\/\/www.edition-schwarzdruck.de\/index.php?rest_route=%2Fwp%2Fv2%2Ftags&post=4453"}],"curies":[{"name":"wp","href":"https:\/\/api.w.org\/{rel}","templated":true}]}}