{"id":4381,"date":"2019-03-01T23:14:54","date_gmt":"2019-03-01T21:14:54","guid":{"rendered":"http:\/\/www.edition-schwarzdruck.de\/?p=4381"},"modified":"2019-03-01T23:14:54","modified_gmt":"2019-03-01T21:14:54","slug":"back-to-black","status":"publish","type":"post","link":"http:\/\/www.edition-schwarzdruck.de\/?p=4381","title":{"rendered":"&#8222;Back to Black&#8220;"},"content":{"rendered":"<p>ist nat\u00fcrlich geradezu programmatisch f\u00fcr Schwarzdruck. Nachdem es vorige Woche um die neue Amy ging, kommt heute was von der alten. Allerdings nicht von ihr selbst &#8211; ich kann &#8222;Back to Black&#8220; wirklich nur noch selten im Original h\u00f6ren. Dass es aber trotzdem ein gro\u00dfartiger Song ist, beweist Bryan Ferry mit seiner Oldstyle-Jazz-Fassung. Der gute Mann ist ja seit einiger Zeit damit besch\u00e4ftigt, sein popmusikalisches Werk mit Bigbands auf alt getrimmt neu einzuspielen. Vermutlich kann er seine alten Sachen auch nicht mehr im Original h\u00f6ren, beweist aber so, da\u00df seine Musik in jeder Hinsicht immer wieder spiel- und vor allem h\u00f6rbar ist. Zumindest bei Schwarzdruck laufen seine letzten Platten seit Wochen hoch und runter. Und mittendrin hat er auch ein paar Perlen von anderen versteckt &#8230;<\/p>\n","protected":false},"excerpt":{"rendered":"<p>ist nat\u00fcrlich geradezu programmatisch f\u00fcr Schwarzdruck. Nachdem es vorige Woche um die neue Amy ging, kommt heute was von der alten. Allerdings nicht von ihr selbst &#8211; ich kann &#8222;Back to Black&#8220; wirklich nur noch selten im Original h\u00f6ren. Dass es aber trotzdem ein gro\u00dfartiger Song ist, beweist Bryan Ferry mit seiner Oldstyle-Jazz-Fassung. Der gute [&hellip;]<\/p>\n","protected":false},"author":2,"featured_media":0,"comment_status":"open","ping_status":"open","sticky":false,"template":"","format":"video","meta":[],"categories":[68],"tags":[141],"_links":{"self":[{"href":"http:\/\/www.edition-schwarzdruck.de\/index.php?rest_route=\/wp\/v2\/posts\/4381"}],"collection":[{"href":"http:\/\/www.edition-schwarzdruck.de\/index.php?rest_route=\/wp\/v2\/posts"}],"about":[{"href":"http:\/\/www.edition-schwarzdruck.de\/index.php?rest_route=\/wp\/v2\/types\/post"}],"author":[{"embeddable":true,"href":"http:\/\/www.edition-schwarzdruck.de\/index.php?rest_route=\/wp\/v2\/users\/2"}],"replies":[{"embeddable":true,"href":"http:\/\/www.edition-schwarzdruck.de\/index.php?rest_route=%2Fwp%2Fv2%2Fcomments&post=4381"}],"version-history":[{"count":3,"href":"http:\/\/www.edition-schwarzdruck.de\/index.php?rest_route=\/wp\/v2\/posts\/4381\/revisions"}],"predecessor-version":[{"id":4384,"href":"http:\/\/www.edition-schwarzdruck.de\/index.php?rest_route=\/wp\/v2\/posts\/4381\/revisions\/4384"}],"wp:attachment":[{"href":"http:\/\/www.edition-schwarzdruck.de\/index.php?rest_route=%2Fwp%2Fv2%2Fmedia&parent=4381"}],"wp:term":[{"taxonomy":"category","embeddable":true,"href":"http:\/\/www.edition-schwarzdruck.de\/index.php?rest_route=%2Fwp%2Fv2%2Fcategories&post=4381"},{"taxonomy":"post_tag","embeddable":true,"href":"http:\/\/www.edition-schwarzdruck.de\/index.php?rest_route=%2Fwp%2Fv2%2Ftags&post=4381"}],"curies":[{"name":"wp","href":"https:\/\/api.w.org\/{rel}","templated":true}]}}