{"id":4366,"date":"2019-02-28T18:14:43","date_gmt":"2019-02-28T16:14:43","guid":{"rendered":"http:\/\/www.edition-schwarzdruck.de\/?p=4366"},"modified":"2019-02-28T18:49:14","modified_gmt":"2019-02-28T16:49:14","slug":"finissage","status":"publish","type":"post","link":"http:\/\/www.edition-schwarzdruck.de\/?p=4366","title":{"rendered":"Finissage"},"content":{"rendered":"<p>Zur Finissage der gerade in der Eremitage h\u00e4ngenden Ausstellung mit Arbeiten von Bernd Friedrich laden wir am 23. M\u00e4rz um 16 Uhr ein. Es gibt auch Kuchen! Und der K\u00fcnstler will jedem, der kommt, einen Druck schenken!! Wenn das keine Argumente sind &#8230; wir sind gespannt.<\/p>\n<p>F\u00fcr alle, die vorher vorbei kommen wollen: am 7. und 10. M\u00e4rz bleibt die Eremitage geschlossen, weil die Belegschaft auf der GrafikB\u00f6rse Borken herumturnt.<\/p>\n","protected":false},"excerpt":{"rendered":"<p>Zur Finissage der gerade in der Eremitage h\u00e4ngenden Ausstellung mit Arbeiten von Bernd Friedrich laden wir am 23. M\u00e4rz um 16 Uhr ein. Es gibt auch Kuchen! Und der K\u00fcnstler will jedem, der kommt, einen Druck schenken!! Wenn das keine Argumente sind &#8230; wir sind gespannt. F\u00fcr alle, die vorher vorbei kommen wollen: am 7. [&hellip;]<\/p>\n","protected":false},"author":2,"featured_media":0,"comment_status":"open","ping_status":"open","sticky":false,"template":"","format":"image","meta":[],"categories":[115],"tags":[],"_links":{"self":[{"href":"http:\/\/www.edition-schwarzdruck.de\/index.php?rest_route=\/wp\/v2\/posts\/4366"}],"collection":[{"href":"http:\/\/www.edition-schwarzdruck.de\/index.php?rest_route=\/wp\/v2\/posts"}],"about":[{"href":"http:\/\/www.edition-schwarzdruck.de\/index.php?rest_route=\/wp\/v2\/types\/post"}],"author":[{"embeddable":true,"href":"http:\/\/www.edition-schwarzdruck.de\/index.php?rest_route=\/wp\/v2\/users\/2"}],"replies":[{"embeddable":true,"href":"http:\/\/www.edition-schwarzdruck.de\/index.php?rest_route=%2Fwp%2Fv2%2Fcomments&post=4366"}],"version-history":[{"count":1,"href":"http:\/\/www.edition-schwarzdruck.de\/index.php?rest_route=\/wp\/v2\/posts\/4366\/revisions"}],"predecessor-version":[{"id":4368,"href":"http:\/\/www.edition-schwarzdruck.de\/index.php?rest_route=\/wp\/v2\/posts\/4366\/revisions\/4368"}],"wp:attachment":[{"href":"http:\/\/www.edition-schwarzdruck.de\/index.php?rest_route=%2Fwp%2Fv2%2Fmedia&parent=4366"}],"wp:term":[{"taxonomy":"category","embeddable":true,"href":"http:\/\/www.edition-schwarzdruck.de\/index.php?rest_route=%2Fwp%2Fv2%2Fcategories&post=4366"},{"taxonomy":"post_tag","embeddable":true,"href":"http:\/\/www.edition-schwarzdruck.de\/index.php?rest_route=%2Fwp%2Fv2%2Ftags&post=4366"}],"curies":[{"name":"wp","href":"https:\/\/api.w.org\/{rel}","templated":true}]}}