{"id":4356,"date":"2019-02-22T20:44:48","date_gmt":"2019-02-22T18:44:48","guid":{"rendered":"http:\/\/www.edition-schwarzdruck.de\/?p=4356"},"modified":"2019-02-22T20:44:48","modified_gmt":"2019-02-22T18:44:48","slug":"die-spasspartei-mal-wieder","status":"publish","type":"post","link":"http:\/\/www.edition-schwarzdruck.de\/?p=4356","title":{"rendered":"Die Spa\u00dfpartei mal wieder"},"content":{"rendered":"<p>ist schwer im Kommen. Laut neuesten Umfragen zumindest hat die SPD ein paar Prozente bei den W\u00e4hlern hinzugewonnen. Einhelliger Grund daf\u00fcr: die neue \u201elinke\u201c Ausrichtung mit der angeblichen Abkehr von Hartz4, der Mindestrente und allerlei anderen \u201eneuen\u201c T\u00f6nen. Nun sind allerdings nicht die T\u00f6ne neu, auch wenn man sie lange nicht von Nahles und Consorten geh\u00f6rt hat. Neu daran ist: man verk\u00fcndet Vorhaben, von denen man schon bei der Ank\u00fcndigung wei\u00df (und das sogar im Kleingedruckten zugibt!), dass sie in dieser Regierung niemals durchgesetzt werden. Fr\u00fcher hat man solche T\u00f6ne in der Opposition gespuckt \u2013 als Wahlversprechen, die jedesmal mit erstaunlicher Konsequenz gebrochen wurden wenn man es dann wieder in die Regierung geschafft hat.<\/p>\n<p>Nun werden also die Sozis total schizophren. Vieles von dem, was die SPD ma\u00dfgeblich in den letzten gef\u00fchlt hundert Regierungsjahren mit verschuldet hat, will sie nun \u2013 mit praktisch demselben F\u00fchrungspersonal! \u2013 angeblich abmildern, ver\u00e4ndern, umbenennen und manchmal vielleicht sogar abschaffen. Neue Gesetze mit positiv klingenden Namen zu versehen reicht offenbar nicht zur Verbesserung der Umfragewerte. Deshalb werden jetzt am laufenden Band ganz tolle soziale Ziele verk\u00fcndet und gleichzeitig an der Verhinderung eben dieser Ziele in der Regierung mitgearbeitet. Wenn man das Soziale wirklich erreichen wollte, mu\u00df man diese Regierung aufk\u00fcndigen. Macht man aber nicht, weil die Sessel darin so bequem sind. Die man bei Neuwahlen verlieren k\u00f6nnte. Soviel zum Vertrauen des Parteivorstandes an die eigene Glaubw\u00fcrdigkeit und die \u201eneue Linie\u201c. Und demzufolge erkl\u00e4rt Frau Nahles das Verbreiten von lediglich hei\u00dfer Luft zu \u201eDas ist Politik\u201c.<\/p>\n<p>Das ist ja alles gar nicht so erschreckend. Schlie\u00dflich hat die SPD \u00e4u\u00dferst zuverl\u00e4ssig immer versagt, wenn die Gefahr drohte, man k\u00f6nnte tats\u00e4chlich nach Links r\u00fccken. Das ist in seit \u00fcber 150 Jahren das Einzige, worauf man sich bei deutschen Sozialdemokraten verlassen kann. Erschreckend ist vielmehr, dass es immer wieder Leute gibt, die wieder und wieder auf deren L\u00fcgen hereinfallen. Auch wenn es erfreulicherweise anscheinend immer weniger werden \u2013 es sind immer noch zu viele.\u00a0<em>\u201eMan kann alle Leute\u00a0einige Zeit zum Narren halten und einige\u00a0Leute\u00a0allezeit; aber\u00a0alle Leute\u00a0allezeit zum Narren halten\u00a0kann man\u00a0nicht.\u201c<\/em>\u00a0\u2013 hat mal Abraham Lincoln gesagt. Der kannte nat\u00fcrlich deutsche Sozialdemokraten noch nicht. Und deutsche Sozialdemokraten haben Lincoln offenbar noch nie gelesen.<\/p>\n","protected":false},"excerpt":{"rendered":"<p>ist schwer im Kommen. Laut neuesten Umfragen zumindest hat die SPD ein paar Prozente bei den W\u00e4hlern hinzugewonnen. Einhelliger Grund daf\u00fcr: die neue \u201elinke\u201c Ausrichtung mit der angeblichen Abkehr von Hartz4, der Mindestrente und allerlei anderen \u201eneuen\u201c T\u00f6nen. Nun sind allerdings nicht die T\u00f6ne neu, auch wenn man sie lange nicht von Nahles und Consorten [&hellip;]<\/p>\n","protected":false},"author":2,"featured_media":0,"comment_status":"open","ping_status":"open","sticky":false,"template":"","format":"standard","meta":[],"categories":[50],"tags":[],"_links":{"self":[{"href":"http:\/\/www.edition-schwarzdruck.de\/index.php?rest_route=\/wp\/v2\/posts\/4356"}],"collection":[{"href":"http:\/\/www.edition-schwarzdruck.de\/index.php?rest_route=\/wp\/v2\/posts"}],"about":[{"href":"http:\/\/www.edition-schwarzdruck.de\/index.php?rest_route=\/wp\/v2\/types\/post"}],"author":[{"embeddable":true,"href":"http:\/\/www.edition-schwarzdruck.de\/index.php?rest_route=\/wp\/v2\/users\/2"}],"replies":[{"embeddable":true,"href":"http:\/\/www.edition-schwarzdruck.de\/index.php?rest_route=%2Fwp%2Fv2%2Fcomments&post=4356"}],"version-history":[{"count":1,"href":"http:\/\/www.edition-schwarzdruck.de\/index.php?rest_route=\/wp\/v2\/posts\/4356\/revisions"}],"predecessor-version":[{"id":4357,"href":"http:\/\/www.edition-schwarzdruck.de\/index.php?rest_route=\/wp\/v2\/posts\/4356\/revisions\/4357"}],"wp:attachment":[{"href":"http:\/\/www.edition-schwarzdruck.de\/index.php?rest_route=%2Fwp%2Fv2%2Fmedia&parent=4356"}],"wp:term":[{"taxonomy":"category","embeddable":true,"href":"http:\/\/www.edition-schwarzdruck.de\/index.php?rest_route=%2Fwp%2Fv2%2Fcategories&post=4356"},{"taxonomy":"post_tag","embeddable":true,"href":"http:\/\/www.edition-schwarzdruck.de\/index.php?rest_route=%2Fwp%2Fv2%2Ftags&post=4356"}],"curies":[{"name":"wp","href":"https:\/\/api.w.org\/{rel}","templated":true}]}}