{"id":4353,"date":"2019-02-19T17:00:15","date_gmt":"2019-02-19T15:00:15","guid":{"rendered":"http:\/\/www.edition-schwarzdruck.de\/?p=4353"},"modified":"2019-02-19T17:00:15","modified_gmt":"2019-02-19T15:00:15","slug":"der-wanderzirkus-zieht-weiter","status":"publish","type":"post","link":"http:\/\/www.edition-schwarzdruck.de\/?p=4353","title":{"rendered":"Der Wanderzirkus zieht weiter &#8230;"},"content":{"rendered":"<p>Die Hamburger Buchmesse ist vorbei und der aufmerksame Besucher wird festgestellt haben, da\u00df Schwarzdruck nicht dabei war. Das hat nat\u00fcrlich nichts mit der Messe an sich zu tun. Sie ist n\u00e4mlich eine der ganz wenigen Buchmessen, die wirklich hervorragend organisiert und beworben wird und wo man sich als Aussteller tats\u00e4chlich willkommen f\u00fchlt. Ein gro\u00dfes Dankesch\u00f6n an Klaus Raasch und seine Mitstreiter, die das seit einigen Jahren immer wieder hervorragend hinbekommen. Im n\u00e4chsten Jahr werden auch wir hoffentlich wieder dabeisein. Dieses Jahr haben wir mal wieder ausgesetzt, weil es einfach nicht so furchtbar viel Neues zu pr\u00e4sentieren gibt und mehr als zwei, drei Messen im Jahr zeitlich und organisatorisch f\u00fcr uns gar nicht zu schaffen sind.<\/p>\n<p>Die n\u00e4chste Gelegenheit, einen Teil unserer Produktion analog zu begreifen, naht aber in schnellen Schritten. Die <em>Grafikb\u00f6rse Borken<\/em> findet vom 8. bis zum 10. M\u00e4rz in der dortigen Stadthalle statt. Diese Veranstaltung wird genauso gut und herzlich organisiert wie die in Hamburg. Ein ganz seltenes und wundersch\u00f6nes Beispiel daf\u00fcr, da\u00df auch eine Stadt und deren Angestellte so etwas genauso gut k\u00f6nnen wie enthusiastische Vereine mit viel Herzblut. Wir haben uns auf der Grafikb\u00f6rse 2018 jedenfalls sehr wohl gef\u00fchlt.<\/p>\n<p>Wer also schon immer mal nach Borken fahren wollte: das Wochenende w\u00e4re ein guter Termin. Und sehenswert ist die Messe auf jeden Fall. Auch wenn man sich nicht speziell f\u00fcr Schwarzdruck interessiert.<\/p>\n","protected":false},"excerpt":{"rendered":"<p>Die Hamburger Buchmesse ist vorbei und der aufmerksame Besucher wird festgestellt haben, da\u00df Schwarzdruck nicht dabei war. Das hat nat\u00fcrlich nichts mit der Messe an sich zu tun. Sie ist n\u00e4mlich eine der ganz wenigen Buchmessen, die wirklich hervorragend organisiert und beworben wird und wo man sich als Aussteller tats\u00e4chlich willkommen f\u00fchlt. Ein gro\u00dfes Dankesch\u00f6n [&hellip;]<\/p>\n","protected":false},"author":2,"featured_media":0,"comment_status":"open","ping_status":"open","sticky":false,"template":"","format":"image","meta":[],"categories":[49],"tags":[],"_links":{"self":[{"href":"http:\/\/www.edition-schwarzdruck.de\/index.php?rest_route=\/wp\/v2\/posts\/4353"}],"collection":[{"href":"http:\/\/www.edition-schwarzdruck.de\/index.php?rest_route=\/wp\/v2\/posts"}],"about":[{"href":"http:\/\/www.edition-schwarzdruck.de\/index.php?rest_route=\/wp\/v2\/types\/post"}],"author":[{"embeddable":true,"href":"http:\/\/www.edition-schwarzdruck.de\/index.php?rest_route=\/wp\/v2\/users\/2"}],"replies":[{"embeddable":true,"href":"http:\/\/www.edition-schwarzdruck.de\/index.php?rest_route=%2Fwp%2Fv2%2Fcomments&post=4353"}],"version-history":[{"count":1,"href":"http:\/\/www.edition-schwarzdruck.de\/index.php?rest_route=\/wp\/v2\/posts\/4353\/revisions"}],"predecessor-version":[{"id":4354,"href":"http:\/\/www.edition-schwarzdruck.de\/index.php?rest_route=\/wp\/v2\/posts\/4353\/revisions\/4354"}],"wp:attachment":[{"href":"http:\/\/www.edition-schwarzdruck.de\/index.php?rest_route=%2Fwp%2Fv2%2Fmedia&parent=4353"}],"wp:term":[{"taxonomy":"category","embeddable":true,"href":"http:\/\/www.edition-schwarzdruck.de\/index.php?rest_route=%2Fwp%2Fv2%2Fcategories&post=4353"},{"taxonomy":"post_tag","embeddable":true,"href":"http:\/\/www.edition-schwarzdruck.de\/index.php?rest_route=%2Fwp%2Fv2%2Ftags&post=4353"}],"curies":[{"name":"wp","href":"https:\/\/api.w.org\/{rel}","templated":true}]}}