{"id":4322,"date":"2019-02-10T20:45:45","date_gmt":"2019-02-10T18:45:45","guid":{"rendered":"http:\/\/www.veb-schwarzdruck.de\/?p=4322"},"modified":"2019-02-18T20:27:28","modified_gmt":"2019-02-18T18:27:28","slug":"tag-der-druckkunst-2019","status":"publish","type":"post","link":"http:\/\/www.edition-schwarzdruck.de\/?p=4322","title":{"rendered":"Tag der Druckkunst 2019"},"content":{"rendered":"<p>Ja, die &#8222;k\u00fcnstlerischen Drucktechniken&#8220; sind immaterielles Weltkulturerbe geworden. Vor einem Jahr. Und seitdem protzt nun auch praktisch jeder Hobbydrucker damit herum, dass er Weltkultur betreibt. Meinetwegen. Schaden tut das ja nicht. Und dass Leute aus der Szene, die \u00fcber St\u00e4rken im F\u00f6rdergeldbeschaffen verf\u00fcgen, sich dar\u00fcber wie die Schneek\u00f6nige freuen, ist ja auch verst\u00e4ndlich. Ob das nun wirklich so ein riesiger Grund zur Freude ist, mit irgendwelchen Fastnachtsveranstaltungen und \u00e4hnlich skurillen Marotten von Teilen der Menschheit in einen Topf geworfen zu werden? Ich hab mir mal die Liste dieser Weltkulturg\u00fcter angesehen und fand sie reichlich beliebig. Irgendwelche ernstzunehmende Kriterien sind nicht erkennbar, obwohl daf\u00fcr sicherlich reichlich Papier beschrieben wurde. Aber mir ist ja nicht einmal klar, wo &#8222;k\u00fcnstlerische&#8220; Drucktechnik aufh\u00f6rt und &#8222;nichtk\u00fcnstlerische&#8220; losgeht. Ist mir ja auch egal.<br \/>\nAber etliche Kollegen freuen sich und glauben, die restlichen Menschen werden nun aufmerksamer unser Tun verfolgen.<\/p>\n<p>Deshalb wird nun der Jahrestag der &#8222;Titelverleihung&#8220; gefeiert. Irgendjemand hat beschlossen, dass der 15. M\u00e4rz jetzt der &#8222;Tag der Druckkunst&#8220; sein soll. Ob das nun j\u00e4hrlich wiederkehrend der 15. M\u00e4rz sein soll oder ob es nur ein einmaliger &#8222;Event&#8220; wird, hab ich nicht erfahren. 2019 ist der 15. M\u00e4rz ein Freitag. Ziemlich bl\u00f6d f\u00fcr &#8222;Tage der offenen T\u00fcr&#8220; und \u00e4hnliche Festivit\u00e4ten, zumindest wenn man normal arbeitende Menschen als Zielgruppe anpeilt. Das hielt aber den BBK als Vertreter der K\u00fcnstlerschaft in diesem Lande nicht davon ab, landesweit zu Aktionen und Aktivit\u00e4ten aufzurufen. Nun ist der BBK den meisten unserer normalen Mitb\u00fcrgern h\u00f6chstwahrscheinlich gar kein Begriff und auch noch nie einer breiteren bundesweiten \u00d6ffentlichkeit als Veranstalter besonders popul\u00e4rer Vergn\u00fcgungen aufgefallen. Deshalb beschr\u00e4nkt sich der BBK vern\u00fcnftigerweise auch darauf, auf seiner Website auf den Tag hinzuweisen und alle Mitglieder und sogar Nichtmitglieder einzuladen, ihre diesbez\u00fcglichen Veranstaltungen in einer Datenbank auf dieser Webseite aufzulisten. Wieviel Aufwand das f\u00fcr den BBK macht, kann ich nicht einsch\u00e4tzen.<\/p>\n<p>Aber irgendwer muss noch Geld (oder zumindest Kapazit\u00e4t) \u00fcbrig gehabt haben. Ich wei\u00df nicht wer. Dieser Anonymus hat ein Logo f\u00fcr den Tag geschaffen.<br \/>\nUnd das nun best\u00e4rkt mich in meiner schon lange gepflegten Meinung: es ist in den allermeisten F\u00e4llen besser kein Logo zu haben als ein schlechtes. Denn dieses &#8222;Logo&#8220; ist nun wirklich eine grafische Katastrophe. Das mag bei einem Fleischer oder Angelverein nicht so schlimm sein, aber ausgerechnet zum Thema &#8222;Druckkunst&#8220; ist es einfach blamabel.<\/p>\n<p>Strenggenommen ist es ja kein Logo, sondern eine Wortmarke. Das allein ist ja nicht verkehrt. Schlimm ist die Ausf\u00fchrung. Da hat also jemand eine auf abgenutzt getrimmte Schreibmaschinenschrift genommen und daraus &#8222;Tag der Druckkunst&#8220; mit Datumsangabe gesetzt. Es gibt viele Schriften, die dem Inhalt des Textes entsprechen k\u00f6nnten: feine englische Schreibschriften der Lithografen oder klassische Druckschriften der Hochdrucker beispielsweise. Eine verrotzte &#8222;Monospaced&#8220; aber sicher nicht. Aber bei der braucht man sich auch nicht um irgendwelche Buchstabenabst\u00e4nde scheren, Versalausgleich gibts da &#8211; gottseidank! &#8211; auch nicht. Falls der Designer davon jemals was geh\u00f6rt haben sollte. Es ist doch aber eine gro\u00dfartige Erkenntnis, dass &#8222;Druck&#8220;und &#8222;Kunst&#8220; genausoviele Buchstaben beinhalten.<br \/>\nDie Schrift steht negativ wei\u00df und orange auf einer schwarzen Fl\u00e4che. Wollte der Designer damit seine Trauer \u00fcber den Niedergang der k\u00fcnstlerischen Drucktechniken ausdr\u00fccken? Ist der schwarze Kasten die Mottenkiste der Geschichte? Oder wollte man einfach nur zeigen, was die modernen industriellen Drucktechniken besser als die klassischen k\u00fcnstlerischen k\u00f6nnen?<br \/>\nDie Datumsangabe l\u00e4sst drauf schlie\u00dfen, dass der Designer offenbar Buchhaltungserfahrung hat. Aber nicht jeder Buchhalter kann erfolgreiche Logos wie einst CocaCola erschaffen. Die Schreibweise mit vorangestellter Null &#8230; einen vern\u00fcnftigen Grund dazu gibt es nicht.<br \/>\nDas Ganze beispielsweise auf einen Bauern \u00fcbertragen: Man nehme ein paar schon angegammelte und aufgeplatzte Tomaten, packe die in eine m\u00f6glichst abschreckende Plastikbox, klebe noch irgendwie ein Preisschild dran und werde dann erfolgreicher Verk\u00e4ufer.<\/p>\n<p>Mancher mag sich dar\u00fcber wundern, wie man sich \u00fcber &#8222;solche&#8220; Kleinigkeiten aufregen kann. Aber eben auch genau solche Kleinigkeiten machen den Unterschied zwischen Druck-K\u00fcnstlern (zu denen ja auch im erweiterten Sinne die Grafiker z\u00e4hlen) sowohl in &#8222;k\u00fcnstlerischen&#8220; wie auch anderen Drucktechniken und &#8230; St\u00fcmpern.<br \/>\nUmso trauriger, dass das beim BBK (oder wer auch immer \u00fcber dieses &#8222;Logo&#8220; entschieden hat) niemand, nicht einmal ein K\u00fcnstler, gemerkt hat.<\/p>\n<p>Im \u00dcbrigen: Schwarzdruck wird an diesem Tag &#8211; zumindest in diesem Jahr &#8211; nichts Besonderes veranstalten. In der Hauptsache wegen des sehr ung\u00fcnstigen Termins. Ein bi\u00dfchen aber auch wegen dieses &#8222;Logos&#8220;.<\/p>\n<p>&nbsp;<\/p>\n","protected":false},"excerpt":{"rendered":"<p>Ja, die &#8222;k\u00fcnstlerischen Drucktechniken&#8220; sind immaterielles Weltkulturerbe geworden. Vor einem Jahr. Und seitdem protzt nun auch praktisch jeder Hobbydrucker damit herum, dass er Weltkultur betreibt. Meinetwegen. Schaden tut das ja nicht. Und dass Leute aus der Szene, die \u00fcber St\u00e4rken im F\u00f6rdergeldbeschaffen verf\u00fcgen, sich dar\u00fcber wie die Schneek\u00f6nige freuen, ist ja auch verst\u00e4ndlich. Ob das [&hellip;]<\/p>\n","protected":false},"author":2,"featured_media":0,"comment_status":"open","ping_status":"open","sticky":false,"template":"","format":"image","meta":[],"categories":[49],"tags":[],"_links":{"self":[{"href":"http:\/\/www.edition-schwarzdruck.de\/index.php?rest_route=\/wp\/v2\/posts\/4322"}],"collection":[{"href":"http:\/\/www.edition-schwarzdruck.de\/index.php?rest_route=\/wp\/v2\/posts"}],"about":[{"href":"http:\/\/www.edition-schwarzdruck.de\/index.php?rest_route=\/wp\/v2\/types\/post"}],"author":[{"embeddable":true,"href":"http:\/\/www.edition-schwarzdruck.de\/index.php?rest_route=\/wp\/v2\/users\/2"}],"replies":[{"embeddable":true,"href":"http:\/\/www.edition-schwarzdruck.de\/index.php?rest_route=%2Fwp%2Fv2%2Fcomments&post=4322"}],"version-history":[{"count":4,"href":"http:\/\/www.edition-schwarzdruck.de\/index.php?rest_route=\/wp\/v2\/posts\/4322\/revisions"}],"predecessor-version":[{"id":4327,"href":"http:\/\/www.edition-schwarzdruck.de\/index.php?rest_route=\/wp\/v2\/posts\/4322\/revisions\/4327"}],"wp:attachment":[{"href":"http:\/\/www.edition-schwarzdruck.de\/index.php?rest_route=%2Fwp%2Fv2%2Fmedia&parent=4322"}],"wp:term":[{"taxonomy":"category","embeddable":true,"href":"http:\/\/www.edition-schwarzdruck.de\/index.php?rest_route=%2Fwp%2Fv2%2Fcategories&post=4322"},{"taxonomy":"post_tag","embeddable":true,"href":"http:\/\/www.edition-schwarzdruck.de\/index.php?rest_route=%2Fwp%2Fv2%2Ftags&post=4322"}],"curies":[{"name":"wp","href":"https:\/\/api.w.org\/{rel}","templated":true}]}}