{"id":3802,"date":"2019-02-03T15:00:46","date_gmt":"2019-02-03T13:00:46","guid":{"rendered":"http:\/\/www.veb-schwarzdruck.de\/?p=3802"},"modified":"2019-02-10T22:05:06","modified_gmt":"2019-02-10T20:05:06","slug":"jeder-hat-seinen-ber","status":"publish","type":"post","link":"http:\/\/www.edition-schwarzdruck.de\/?p=3802","title":{"rendered":"Jeder hat seinen BER!"},"content":{"rendered":"<p>So auch Schwarzdruck. Umso gl\u00fccklicher und mit stolzgeschwellter Brust k\u00f6nnen wir nun behaupten: unsere neue Webseite ist heute nach fast 5 Jahren Arbeit daran (mit vielen und langen Unterbrechungen) tats\u00e4chlich &#8222;fertiggeworden&#8220; bzw. ans Netz gegangen. Es gibt nicht viele B\u00fccher, an denen wir so lange arbeiten.<\/p>\n<p>So neu ist die Webseite also nicht, aber sie wurde und wird auch in Zukunft nun stetig aktualisiert. Es ist zwar nur ein winziger Schritt f\u00fcr die Menschheit, aber ein gewaltiger Sprung f\u00fcr die Edition Schwarzdruck. Ein riesengro\u00dfes Dankesch\u00f6n an Uli, ohne dessen geradezu revolution\u00e4rer Geduld und Hilfe unser BER eine Investruine geblieben w\u00e4re.<\/p>\n<p>Nun wollen wir hoffen, dass m\u00f6glichst alles zuverl\u00e4ssig funktioniert und nicht wieder irgendwelcher unangebrachter Fortschritt unser Fenster f\u00fcr die Welt beeintr\u00e4chtigt. Ein paar Inhalte, ein paar Links und ein paar Kleinigkeiten fehlen auch noch &#8211; die erg\u00e4nzen wir zeitnah. Was ja nun kein Problem mehr ist. Und ein paar Kinderkrankheiten werden sicherlich auch noch ausgemerzt werden m\u00fcssen.<\/p>\n","protected":false},"excerpt":{"rendered":"<p>So auch Schwarzdruck. Umso gl\u00fccklicher und mit stolzgeschwellter Brust k\u00f6nnen wir nun behaupten: unsere neue Webseite ist heute nach fast 5 Jahren Arbeit daran (mit vielen und langen Unterbrechungen) tats\u00e4chlich &#8222;fertiggeworden&#8220; bzw. ans Netz gegangen. Es gibt nicht viele B\u00fccher, an denen wir so lange arbeiten. So neu ist die Webseite also nicht, aber sie [&hellip;]<\/p>\n","protected":false},"author":1,"featured_media":0,"comment_status":"open","ping_status":"open","sticky":false,"template":"","format":"standard","meta":[],"categories":[84,1],"tags":[],"_links":{"self":[{"href":"http:\/\/www.edition-schwarzdruck.de\/index.php?rest_route=\/wp\/v2\/posts\/3802"}],"collection":[{"href":"http:\/\/www.edition-schwarzdruck.de\/index.php?rest_route=\/wp\/v2\/posts"}],"about":[{"href":"http:\/\/www.edition-schwarzdruck.de\/index.php?rest_route=\/wp\/v2\/types\/post"}],"author":[{"embeddable":true,"href":"http:\/\/www.edition-schwarzdruck.de\/index.php?rest_route=\/wp\/v2\/users\/1"}],"replies":[{"embeddable":true,"href":"http:\/\/www.edition-schwarzdruck.de\/index.php?rest_route=%2Fwp%2Fv2%2Fcomments&post=3802"}],"version-history":[{"count":5,"href":"http:\/\/www.edition-schwarzdruck.de\/index.php?rest_route=\/wp\/v2\/posts\/3802\/revisions"}],"predecessor-version":[{"id":4280,"href":"http:\/\/www.edition-schwarzdruck.de\/index.php?rest_route=\/wp\/v2\/posts\/3802\/revisions\/4280"}],"wp:attachment":[{"href":"http:\/\/www.edition-schwarzdruck.de\/index.php?rest_route=%2Fwp%2Fv2%2Fmedia&parent=3802"}],"wp:term":[{"taxonomy":"category","embeddable":true,"href":"http:\/\/www.edition-schwarzdruck.de\/index.php?rest_route=%2Fwp%2Fv2%2Fcategories&post=3802"},{"taxonomy":"post_tag","embeddable":true,"href":"http:\/\/www.edition-schwarzdruck.de\/index.php?rest_route=%2Fwp%2Fv2%2Ftags&post=3802"}],"curies":[{"name":"wp","href":"https:\/\/api.w.org\/{rel}","templated":true}]}}